{"id":19214,"global_id":"www.espritrun.fr\/wp?id=19214","global_id_lineage":["www.espritrun.fr\/wp?id=19214"],"author":"10","status":"publish","date":"2022-11-25 14:17:29","date_utc":"2022-11-25 13:17:29","modified":"2022-11-25 14:17:29","modified_utc":"2022-11-25 13:17:29","url":"https:\/\/www.espritrun.fr\/wp\/event\/mn-amiens-157\/","rest_url":"https:\/\/www.espritrun.fr\/wp\/wp-json\/tribe\/events\/v1\/events\/19214","title":"MN &#8211; AMIENS","description":"<p><span style=\"color: #008000\"><strong>Avec Aline<\/strong><\/span><\/p>\n<p><span style=\"color: #008000\"><strong>Rendez-vous \u00e0 17 h 30 sur le parking au niveau de la Hall au Grand Marais (\u00e0 proximit\u00e9 du cimeti\u00e8re de la Madeleine)<br \/>\n<\/strong><\/span><\/p>\n<p><strong><a href=\"https:\/\/doodle.com\/poll\/t6433us5uu9yd86e?utm_source=poll&amp;utm_medium=link\" target=\"_blank\" rel=\"noopener\">Cliquez ici pour vous inscrire<\/a><\/strong><\/p>","excerpt":"","slug":"mn-amiens-157","image":false,"all_day":false,"start_date":"2022-12-01 17:30:00","start_date_details":{"year":"2022","month":"12","day":"01","hour":"17","minutes":"30","seconds":"00"},"end_date":"2022-12-01 19:30:00","end_date_details":{"year":"2022","month":"12","day":"01","hour":"19","minutes":"30","seconds":"00"},"utc_start_date":"2022-12-01 16:30:00","utc_start_date_details":{"year":"2022","month":"12","day":"01","hour":"16","minutes":"30","seconds":"00"},"utc_end_date":"2022-12-01 18:30:00","utc_end_date_details":{"year":"2022","month":"12","day":"01","hour":"18","minutes":"30","seconds":"00"},"timezone":"UTC+1","timezone_abbr":"UTC+1","cost":"","cost_details":{"currency_symbol":"","currency_position":"suffix","values":[]},"website":"","show_map":true,"show_map_link":true,"hide_from_listings":false,"sticky":false,"featured":false,"categories":[{"name":"MARCHE NORDIQUE","slug":"marche-nordique-4","term_group":0,"term_taxonomy_id":217,"taxonomy":"tribe_events_cat","description":"","parent":0,"count":929,"filter":"raw","id":209,"urls":{"self":"https:\/\/www.espritrun.fr\/wp\/wp-json\/tribe\/events\/v1\/categories\/209","collection":"https:\/\/www.espritrun.fr\/wp\/wp-json\/tribe\/events\/v1\/categories"}}],"tags":[],"venue":[],"organizer":[],"json_ld":{"@context":"http:\/\/schema.org","@type":"Event","name":"MN &#8211; AMIENS","description":"&lt;p&gt;Avec Aline Rendez-vous \u00e0 17 h 30 sur le parking au niveau de la Hall au Grand Marais (\u00e0 proximit\u00e9 du cimeti\u00e8re de la Madeleine) Cliquez ici pour vous inscrire&lt;\/p&gt;\\n","url":"https:\/\/www.espritrun.fr\/wp\/event\/mn-amiens-157\/","startDate":"2022-12-01T17:30:00+01:00","endDate":"2022-12-01T19:30:00+01:00","performer":"Organization"}}