{"id":10747,"date":"2015-10-11T10:59:31","date_gmt":"2015-10-11T09:59:31","guid":{"rendered":"http:\/\/espritrun.fr\/wp\/?p=10747"},"modified":"2015-10-11T14:24:44","modified_gmt":"2015-10-11T13:24:44","slug":"relais-marathon-100-kms","status":"publish","type":"post","link":"https:\/\/www.espritrun.fr\/wp\/2015\/10\/relais-marathon-100-kms\/","title":{"rendered":"Relais, marathon , 100 kms"},"content":{"rendered":"<p>Superbe journ\u00e9e de running hier \u00e0 Amiens.<\/p>\n<p>Esprit Run sur tous les fronts et sur le podium; nos athl\u00e8tes, qui ne courraient pas, \u00e9taient de fervents supporters, tenaient le stand-ravito au parc Saint-Pierre, etc&#8230;&#8230;.<\/p>\n<p><strong>RELAIS<\/strong><\/p>\n<p><strong>\u00e9quipe homme<\/strong>: Guillaume, Landry, Benoit, Thomas, Bastien: <strong>2\u00e8me au scratch<\/strong> \u00e0 1&#8217;34&#8221; des premiers<a href=\"https:\/\/i2.wp.com\/espritrun.fr\/wp\/wp-content\/uploads\/2015\/10\/equipe-gars.jpg\"><img loading=\"lazy\" class=\"aligncenter size-medium wp-image-10746\" src=\"https:\/\/i2.wp.com\/espritrun.fr\/wp\/wp-content\/uploads\/2015\/10\/equipe-gars-300x225.jpg?resize=300%2C225\" alt=\"equipe gars\" width=\"300\" height=\"225\" srcset=\"https:\/\/i1.wp.com\/www.espritrun.fr\/wp\/wp-content\/uploads\/2015\/10\/equipe-gars.jpg?resize=300%2C225&amp;ssl=1 300w, https:\/\/i1.wp.com\/www.espritrun.fr\/wp\/wp-content\/uploads\/2015\/10\/equipe-gars.jpg?resize=160%2C120&amp;ssl=1 160w, https:\/\/i1.wp.com\/www.espritrun.fr\/wp\/wp-content\/uploads\/2015\/10\/equipe-gars.jpg?resize=624%2C468&amp;ssl=1 624w, https:\/\/i1.wp.com\/www.espritrun.fr\/wp\/wp-content\/uploads\/2015\/10\/equipe-gars.jpg?w=800&amp;ssl=1 800w\" sizes=\"(max-width: 300px) 100vw, 300px\" data-recalc-dims=\"1\" \/><\/a><\/p>\n<p><strong>\u00e9quipe fille<\/strong> : Aude (vyta jog) Anne Lise, Tiphaine, Anne Sophie (photo), et Justine 41 \u00e8me au scratch et <strong>3 \u00e8me \u00e9quipe f\u00e9minine<\/strong>!<a href=\"https:\/\/i1.wp.com\/espritrun.fr\/wp\/wp-content\/uploads\/2015\/10\/fille-relais.jpg\"><img loading=\"lazy\" class=\"aligncenter size-medium wp-image-10749\" src=\"https:\/\/i1.wp.com\/espritrun.fr\/wp\/wp-content\/uploads\/2015\/10\/fille-relais-300x225.jpg?resize=300%2C225\" alt=\"fille relais\" width=\"300\" height=\"225\" srcset=\"https:\/\/i1.wp.com\/www.espritrun.fr\/wp\/wp-content\/uploads\/2015\/10\/fille-relais.jpg?resize=300%2C225&amp;ssl=1 300w, https:\/\/i1.wp.com\/www.espritrun.fr\/wp\/wp-content\/uploads\/2015\/10\/fille-relais.jpg?resize=160%2C120&amp;ssl=1 160w, https:\/\/i1.wp.com\/www.espritrun.fr\/wp\/wp-content\/uploads\/2015\/10\/fille-relais.jpg?resize=624%2C468&amp;ssl=1 624w, https:\/\/i1.wp.com\/www.espritrun.fr\/wp\/wp-content\/uploads\/2015\/10\/fille-relais.jpg?w=960&amp;ssl=1 960w\" sizes=\"(max-width: 300px) 100vw, 300px\" data-recalc-dims=\"1\" \/><\/a><\/p>\n<p>\u00e0 noter la pr\u00e9sence de Mika D., relayeur dans l&#8217;\u00e9quipe homme qui fait 3 \u00e8me, de Cathy I. et Carine C.relayeuses dans une \u00e9quipe f\u00e9minine (classement ?), ainsi que Thierry D. et M\u00e9lanie C.<\/p>\n<p>&nbsp;<\/p>\n<p><strong>MARATHON<\/strong><\/p>\n<p>Jean Michel J. 6 \u00e8me (3 V1) en 2h48&#8217;38<\/p>\n<p>J\u00e9r\u00f4me H. 9 \u00e8me en 2h54&#8217;32<a href=\"https:\/\/i2.wp.com\/espritrun.fr\/wp\/wp-content\/uploads\/2015\/10\/jmj-jerome-tom.jpg\"><img loading=\"lazy\" class=\"aligncenter size-medium wp-image-10744\" src=\"https:\/\/i0.wp.com\/espritrun.fr\/wp\/wp-content\/uploads\/2015\/10\/jmj-jerome-tom-300x225.jpg?resize=300%2C225\" alt=\"jmj jerome tom\" width=\"300\" height=\"225\" srcset=\"https:\/\/i0.wp.com\/www.espritrun.fr\/wp\/wp-content\/uploads\/2015\/10\/jmj-jerome-tom.jpg?resize=300%2C225&amp;ssl=1 300w, https:\/\/i0.wp.com\/www.espritrun.fr\/wp\/wp-content\/uploads\/2015\/10\/jmj-jerome-tom.jpg?resize=160%2C120&amp;ssl=1 160w, https:\/\/i0.wp.com\/www.espritrun.fr\/wp\/wp-content\/uploads\/2015\/10\/jmj-jerome-tom.jpg?resize=624%2C468&amp;ssl=1 624w, https:\/\/i0.wp.com\/www.espritrun.fr\/wp\/wp-content\/uploads\/2015\/10\/jmj-jerome-tom.jpg?w=960&amp;ssl=1 960w\" sizes=\"(max-width: 300px) 100vw, 300px\" data-recalc-dims=\"1\" \/><\/a><\/p>\n<p>Maxime G. 35 \u00e8me en 3h14&#8217;46<\/p>\n<p>Vincent B. 38 \u00e8me en 3h16&#8217;07, 1er marathon<\/p>\n<p>Edwige F. 167 \u00e9me en 3h44&#8217;45 2 \u00e8me s\u00e9nior femme<\/p>\n<p>PM 236 \u00e8me en 3h57&#8217;54, 1er marathon<\/p>\n<p>Robert D. 310 \u00e8me en 4h14&#8217;44<\/p>\n<p><strong>100 KMS<\/strong><\/p>\n<p>magnifique de courage, Farid est devenu un cent-bornard! il a boucl\u00e9 les 100 kms en 11h50; ce chrono est anecdotique, finir ce type d&#8217;\u00e9preuve est tellement incroyable! Bravo champion!<a href=\"https:\/\/i1.wp.com\/espritrun.fr\/wp\/wp-content\/uploads\/2015\/10\/Farid.jpg\"><img loading=\"lazy\" class=\"aligncenter size-medium wp-image-10745\" src=\"https:\/\/i1.wp.com\/espritrun.fr\/wp\/wp-content\/uploads\/2015\/10\/Farid-187x300.jpg?resize=187%2C300\" alt=\"Farid\" width=\"187\" height=\"300\" srcset=\"https:\/\/i2.wp.com\/www.espritrun.fr\/wp\/wp-content\/uploads\/2015\/10\/Farid.jpg?resize=187%2C300&amp;ssl=1 187w, https:\/\/i2.wp.com\/www.espritrun.fr\/wp\/wp-content\/uploads\/2015\/10\/Farid.jpg?w=561&amp;ssl=1 561w\" sizes=\"(max-width: 187px) 100vw, 187px\" data-recalc-dims=\"1\" \/><\/a><\/p>\n<p><strong>ENCORE UNE BELLE PRESENCE DU CLUB SUR TOUS LES PLANS.<\/strong><\/p>\n","protected":false},"excerpt":{"rendered":"<p>Superbe journ\u00e9e de running hier \u00e0 Amiens. Esprit Run sur tous les fronts et sur le podium; nos athl\u00e8tes, qui ne courraient pas, \u00e9taient de fervents supporters, tenaient le stand-ravito au parc Saint-Pierre, etc&#8230;&#8230;. RELAIS \u00e9quipe homme: Guillaume, Landry, Benoit, Thomas, Bastien: 2\u00e8me au scratch \u00e0 1&#8217;34&#8221; des premiers \u00e9quipe fille : Aude (vyta jog)<\/p>\n","protected":false},"author":8,"featured_media":10417,"comment_status":"open","ping_status":"open","sticky":false,"template":"","format":"standard","meta":{"spay_email":"","jetpack_publicize_message":"","jetpack_is_tweetstorm":false},"categories":[2,1],"tags":[],"jetpack_featured_media_url":"https:\/\/i1.wp.com\/www.espritrun.fr\/wp\/wp-content\/uploads\/2015\/07\/r\u00e9sultats.jpg?fit=458%2C293&ssl=1","jetpack_publicize_connections":[],"jetpack_sharing_enabled":true,"jetpack_shortlink":"https:\/\/wp.me\/p78z1o-2Nl","jetpack_likes_enabled":false,"_links":{"self":[{"href":"https:\/\/www.espritrun.fr\/wp\/wp-json\/wp\/v2\/posts\/10747"}],"collection":[{"href":"https:\/\/www.espritrun.fr\/wp\/wp-json\/wp\/v2\/posts"}],"about":[{"href":"https:\/\/www.espritrun.fr\/wp\/wp-json\/wp\/v2\/types\/post"}],"author":[{"embeddable":true,"href":"https:\/\/www.espritrun.fr\/wp\/wp-json\/wp\/v2\/users\/8"}],"replies":[{"embeddable":true,"href":"https:\/\/www.espritrun.fr\/wp\/wp-json\/wp\/v2\/comments?post=10747"}],"version-history":[{"count":5,"href":"https:\/\/www.espritrun.fr\/wp\/wp-json\/wp\/v2\/posts\/10747\/revisions"}],"predecessor-version":[{"id":10756,"href":"https:\/\/www.espritrun.fr\/wp\/wp-json\/wp\/v2\/posts\/10747\/revisions\/10756"}],"wp:featuredmedia":[{"embeddable":true,"href":"https:\/\/www.espritrun.fr\/wp\/wp-json\/wp\/v2\/media\/10417"}],"wp:attachment":[{"href":"https:\/\/www.espritrun.fr\/wp\/wp-json\/wp\/v2\/media?parent=10747"}],"wp:term":[{"taxonomy":"category","embeddable":true,"href":"https:\/\/www.espritrun.fr\/wp\/wp-json\/wp\/v2\/categories?post=10747"},{"taxonomy":"post_tag","embeddable":true,"href":"https:\/\/www.espritrun.fr\/wp\/wp-json\/wp\/v2\/tags?post=10747"}],"curies":[{"name":"wp","href":"https:\/\/api.w.org\/{rel}","templated":true}]}}