{"id":11534,"date":"2016-04-19T15:50:28","date_gmt":"2016-04-19T14:50:28","guid":{"rendered":"http:\/\/espritrun.fr\/wp\/?p=11534"},"modified":"2016-04-19T15:50:28","modified_gmt":"2016-04-19T14:50:28","slug":"trail-du-plessis","status":"publish","type":"post","link":"https:\/\/www.espritrun.fr\/wp\/2016\/04\/trail-du-plessis\/","title":{"rendered":"Trail du Plessis"},"content":{"rendered":"<p>Week-end charg\u00e9 en comp\u00e9tition, pendant que certains \u00e9taient sur la route, d&#8217;autres pr\u00e9f\u00e9rant les chemins comme terrain de jeu \u00e9taient au Trail du Plessis, voici leurs r\u00e9sultats:<\/p>\n<p>Sur le 9 Km:<\/p>\n<ul>\n<li>Patrick, 8 \u00e8me et 1er V2 en 45&#8217;44<\/li>\n<li>G\u00e9g\u00e9, 45 \u00e8me et 1er V3 en 53&#8217;37<\/li>\n<li>Sylvie, 188 \u00e8me en 1h14<\/li>\n<li>Christophe, 189 \u00e8me en 1h14<\/li>\n<\/ul>\n<p>Sur le 18 km:<\/p>\n<ul>\n<li>Rudy, 65 \u00e8me en 1h45<\/li>\n<li>S\u00e9bastien, 69 \u00e8me en 1h46<\/li>\n<li>Kathi, 164 \u00e8me en 2h16<\/li>\n<\/ul>\n<p style=\"text-align: center\"><a href=\"https:\/\/i1.wp.com\/espritrun.fr\/wp\/wp-content\/uploads\/2016\/04\/6534fd8a-3fb3-43ad-8630-1dc81907ac5f.jpg\"><img loading=\"lazy\" class=\"aligncenter size-medium wp-image-11536\" src=\"https:\/\/i1.wp.com\/espritrun.fr\/wp\/wp-content\/uploads\/2016\/04\/6534fd8a-3fb3-43ad-8630-1dc81907ac5f-300x300.jpg?resize=300%2C300\" alt=\"6534fd8a-3fb3-43ad-8630-1dc81907ac5f\" width=\"300\" height=\"300\" srcset=\"https:\/\/i0.wp.com\/www.espritrun.fr\/wp\/wp-content\/uploads\/2016\/04\/6534fd8a-3fb3-43ad-8630-1dc81907ac5f.jpg?resize=300%2C300&amp;ssl=1 300w, https:\/\/i0.wp.com\/www.espritrun.fr\/wp\/wp-content\/uploads\/2016\/04\/6534fd8a-3fb3-43ad-8630-1dc81907ac5f.jpg?resize=150%2C150&amp;ssl=1 150w, https:\/\/i0.wp.com\/www.espritrun.fr\/wp\/wp-content\/uploads\/2016\/04\/6534fd8a-3fb3-43ad-8630-1dc81907ac5f.jpg?resize=100%2C100&amp;ssl=1 100w, https:\/\/i0.wp.com\/www.espritrun.fr\/wp\/wp-content\/uploads\/2016\/04\/6534fd8a-3fb3-43ad-8630-1dc81907ac5f.jpg?resize=624%2C624&amp;ssl=1 624w, https:\/\/i0.wp.com\/www.espritrun.fr\/wp\/wp-content\/uploads\/2016\/04\/6534fd8a-3fb3-43ad-8630-1dc81907ac5f.jpg?resize=193%2C193&amp;ssl=1 193w, https:\/\/i0.wp.com\/www.espritrun.fr\/wp\/wp-content\/uploads\/2016\/04\/6534fd8a-3fb3-43ad-8630-1dc81907ac5f.jpg?resize=231%2C231&amp;ssl=1 231w, https:\/\/i0.wp.com\/www.espritrun.fr\/wp\/wp-content\/uploads\/2016\/04\/6534fd8a-3fb3-43ad-8630-1dc81907ac5f.jpg?resize=289%2C289&amp;ssl=1 289w, https:\/\/i0.wp.com\/www.espritrun.fr\/wp\/wp-content\/uploads\/2016\/04\/6534fd8a-3fb3-43ad-8630-1dc81907ac5f.jpg?resize=386%2C386&amp;ssl=1 386w, https:\/\/i0.wp.com\/www.espritrun.fr\/wp\/wp-content\/uploads\/2016\/04\/6534fd8a-3fb3-43ad-8630-1dc81907ac5f.jpg?w=740&amp;ssl=1 740w\" sizes=\"(max-width: 300px) 100vw, 300px\" data-recalc-dims=\"1\" \/><\/a><\/p>\n<p style=\"text-align: center\">Bravo \u00e0 tous<\/p>\n","protected":false},"excerpt":{"rendered":"<p>Week-end charg\u00e9 en comp\u00e9tition, pendant que certains \u00e9taient sur la route, d&#8217;autres pr\u00e9f\u00e9rant les chemins comme terrain de jeu \u00e9taient au Trail du Plessis, voici leurs r\u00e9sultats: Sur le 9 Km: Patrick, 8 \u00e8me et 1er V2 en 45&#8217;44 G\u00e9g\u00e9, 45 \u00e8me et 1er V3 en 53&#8217;37 Sylvie, 188 \u00e8me en 1h14 Christophe, 189 \u00e8me<\/p>\n","protected":false},"author":8,"featured_media":11535,"comment_status":"open","ping_status":"open","sticky":false,"template":"","format":"standard","meta":{"spay_email":"","jetpack_publicize_message":"","jetpack_is_tweetstorm":false},"categories":[1,206],"tags":[],"jetpack_featured_media_url":"https:\/\/i0.wp.com\/www.espritrun.fr\/wp\/wp-content\/uploads\/2016\/04\/10846424_831959110197452_7873548629268770542_n.png?fit=400%2C340&ssl=1","jetpack_publicize_connections":[],"jetpack_sharing_enabled":true,"jetpack_shortlink":"https:\/\/wp.me\/p78z1o-302","jetpack_likes_enabled":false,"_links":{"self":[{"href":"https:\/\/www.espritrun.fr\/wp\/wp-json\/wp\/v2\/posts\/11534"}],"collection":[{"href":"https:\/\/www.espritrun.fr\/wp\/wp-json\/wp\/v2\/posts"}],"about":[{"href":"https:\/\/www.espritrun.fr\/wp\/wp-json\/wp\/v2\/types\/post"}],"author":[{"embeddable":true,"href":"https:\/\/www.espritrun.fr\/wp\/wp-json\/wp\/v2\/users\/8"}],"replies":[{"embeddable":true,"href":"https:\/\/www.espritrun.fr\/wp\/wp-json\/wp\/v2\/comments?post=11534"}],"version-history":[{"count":1,"href":"https:\/\/www.espritrun.fr\/wp\/wp-json\/wp\/v2\/posts\/11534\/revisions"}],"predecessor-version":[{"id":11537,"href":"https:\/\/www.espritrun.fr\/wp\/wp-json\/wp\/v2\/posts\/11534\/revisions\/11537"}],"wp:featuredmedia":[{"embeddable":true,"href":"https:\/\/www.espritrun.fr\/wp\/wp-json\/wp\/v2\/media\/11535"}],"wp:attachment":[{"href":"https:\/\/www.espritrun.fr\/wp\/wp-json\/wp\/v2\/media?parent=11534"}],"wp:term":[{"taxonomy":"category","embeddable":true,"href":"https:\/\/www.espritrun.fr\/wp\/wp-json\/wp\/v2\/categories?post=11534"},{"taxonomy":"post_tag","embeddable":true,"href":"https:\/\/www.espritrun.fr\/wp\/wp-json\/wp\/v2\/tags?post=11534"}],"curies":[{"name":"wp","href":"https:\/\/api.w.org\/{rel}","templated":true}]}}