{"id":12028,"date":"2016-09-11T15:27:12","date_gmt":"2016-09-11T14:27:12","guid":{"rendered":"http:\/\/espritrun.fr\/wp\/?p=12028"},"modified":"2016-09-12T14:48:53","modified_gmt":"2016-09-12T13:48:53","slug":"apres-nos-supers-heros-notre-super-heroine","status":"publish","type":"post","link":"https:\/\/www.espritrun.fr\/wp\/2016\/09\/apres-nos-supers-heros-notre-super-heroine\/","title":{"rendered":"Apr\u00e8s nos supers h\u00e9ros, notre super h\u00e9ro\u00efne!!!!"},"content":{"rendered":"<p>Notre Roro (Rosine S.) a encore frapp\u00e9 et de quelle mani\u00e8re !!!!!<\/p>\n<p>Elle participait hier \u00e0 l&#8217;Infernal Trail dans les Vosges:<strong> 60 kms et 3000m de d\u00e9nivel\u00e9 positif<\/strong> !!!<\/p>\n<p>Superbe course avec une progression constante dans le classement, elle finit <strong>10 \u00e8me f\u00e9minine!!!!<\/strong> Je mets ce classement avant de mettre le classement par cat\u00e9gorie d&#8217;\u00e2ge, car je sais que, comp\u00e9titrice dans l&#8217;\u00e2me, c&#8217;est ce qu&#8217;elle regarde avant les autres stats.<\/p>\n<p>Alors oui, on peut regarder les autres classements: 4 \u00e8me master (probablement 4 masters 1 devant elle \ud83d\ude09 et 1 \u00e8re M3. Juste exceptionnel!<\/p>\n<p>Elle parcourt ces 60kms avec son fiston Pierre en 11h58&#8242;, et fini 103 \u00e8me au scratch et 104 \u00e8me pour Pierre.<\/p>\n<p>Nous sommes tr\u00e8s fiers de toi.<\/p>\n<p>Voici ces quelques mots de Roro &#8221;\u00a0Une grosse chaleur, une bonne organisation, un parcours sympa (tr\u00e8s vosgien) qui m&#8217;a chang\u00e9e des autres trails !!!! heureusement que j&#8217;ai souvent fait\u00a0 des randos en haute montagne<\/p>\n<div dir=\"ltr\">car \u00e7a sollicite !!!! mais j&#8217;en redemande<\/div>\n<div dir=\"ltr\"><\/div>\n<div dir=\"ltr\">Bises<\/div>\n<div dir=\"ltr\">Rosine &#8220;<\/div>\n","protected":false},"excerpt":{"rendered":"<p>Notre Roro (Rosine S.) a encore frapp\u00e9 et de quelle mani\u00e8re !!!!! Elle participait hier \u00e0 l&#8217;Infernal Trail dans les Vosges: 60 kms et 3000m de d\u00e9nivel\u00e9 positif !!! Superbe course avec une progression constante dans le classement, elle finit 10 \u00e8me f\u00e9minine!!!! Je mets ce classement avant de mettre le classement par cat\u00e9gorie d&#8217;\u00e2ge,<\/p>\n","protected":false},"author":8,"featured_media":12033,"comment_status":"open","ping_status":"open","sticky":false,"template":"","format":"standard","meta":{"spay_email":"","jetpack_publicize_message":"","jetpack_is_tweetstorm":false},"categories":[1,206],"tags":[],"jetpack_featured_media_url":"https:\/\/i2.wp.com\/www.espritrun.fr\/wp\/wp-content\/uploads\/2016\/09\/Roro.jpg?fit=614%2C643&ssl=1","jetpack_publicize_connections":[],"jetpack_sharing_enabled":true,"jetpack_shortlink":"https:\/\/wp.me\/p78z1o-380","jetpack_likes_enabled":false,"_links":{"self":[{"href":"https:\/\/www.espritrun.fr\/wp\/wp-json\/wp\/v2\/posts\/12028"}],"collection":[{"href":"https:\/\/www.espritrun.fr\/wp\/wp-json\/wp\/v2\/posts"}],"about":[{"href":"https:\/\/www.espritrun.fr\/wp\/wp-json\/wp\/v2\/types\/post"}],"author":[{"embeddable":true,"href":"https:\/\/www.espritrun.fr\/wp\/wp-json\/wp\/v2\/users\/8"}],"replies":[{"embeddable":true,"href":"https:\/\/www.espritrun.fr\/wp\/wp-json\/wp\/v2\/comments?post=12028"}],"version-history":[{"count":3,"href":"https:\/\/www.espritrun.fr\/wp\/wp-json\/wp\/v2\/posts\/12028\/revisions"}],"predecessor-version":[{"id":12035,"href":"https:\/\/www.espritrun.fr\/wp\/wp-json\/wp\/v2\/posts\/12028\/revisions\/12035"}],"wp:featuredmedia":[{"embeddable":true,"href":"https:\/\/www.espritrun.fr\/wp\/wp-json\/wp\/v2\/media\/12033"}],"wp:attachment":[{"href":"https:\/\/www.espritrun.fr\/wp\/wp-json\/wp\/v2\/media?parent=12028"}],"wp:term":[{"taxonomy":"category","embeddable":true,"href":"https:\/\/www.espritrun.fr\/wp\/wp-json\/wp\/v2\/categories?post=12028"},{"taxonomy":"post_tag","embeddable":true,"href":"https:\/\/www.espritrun.fr\/wp\/wp-json\/wp\/v2\/tags?post=12028"}],"curies":[{"name":"wp","href":"https:\/\/api.w.org\/{rel}","templated":true}]}}