{"id":16437,"date":"2019-04-29T14:39:32","date_gmt":"2019-04-29T13:39:32","guid":{"rendered":"https:\/\/www.espritrun.fr\/wp\/?p=16437"},"modified":"2019-04-29T15:16:41","modified_gmt":"2019-04-29T14:16:41","slug":"resultats-du-we-du-27-28-avril","status":"publish","type":"post","link":"https:\/\/www.espritrun.fr\/wp\/2019\/04\/resultats-du-we-du-27-28-avril\/","title":{"rendered":"R\u00e9sultats du WE du 27\/28 avril"},"content":{"rendered":"<p><strong>Sortie club \u00e0 Lillebonne<\/strong><br \/>\n<strong><em>sur le 14km ; 486 coureurs<\/em><\/strong><br \/>\nFlorent : 59.18 <strong>\u00a04\u00e8me<\/strong><br \/>\nJonathan : 59.59 \u00a06\u00e8me<br \/>\nMika : 1.07.27 \u00a036\u00e8me<br \/>\nGwen : 1.08.33 \u00a046\u00e8me et <strong>1\u00e8re F<\/strong><br \/>\nOlivier : 1.08.47 \u00a048\u00e8me<br \/>\nCyril : 1.12.26 \u00a070\u00e8me<br \/>\nS\u00e9bastien D : 1.17.48 \u00a0125\u00e8me<br \/>\nGr\u00e9gory : 1.21.12 \u00a0153\u00e8me<br \/>\nMartine : 1.25.32 \u00a0182\u00e8me et <strong>1\u00e8re M2<\/strong><br \/>\nMarie-C\u00e9leste : 1.27.25 \u00a0209\u00e8me<br \/>\nClo\u00e9 : 1.29.29 \u00a0232\u00e8me<br \/>\nAnne-lise : 1.31.25 \u00a0264\u00e8me<br \/>\nClaudine M : 1.32.06 \u00a0277\u00e8me<br \/>\nM\u00e9lanie : 1.32.45 \u00a0288\u00e8me<br \/>\nVal\u00e9rie: 1.33.26 \u00a0294\u00e8me<br \/>\nArnaud : 1.33.27 \u00a0295\u00e8me<br \/>\nCathy : 1.44.48 \u00a0424\u00e8me<br \/>\nJustine D : 1.49.20 \u00a0447\u00e8me<\/p>\n<p><em><strong>sur le 17km nocturne ; 457 coureurs<\/strong><\/em><br \/>\nFlorent : 1.13.48 \u00a0<strong>1er et 1er SE<\/strong><br \/>\nFabien Chev : 1.14.52 \u00a0<strong>2\u00e8me et 1er M1<\/strong><br \/>\nJonathan : 1.19.14 \u00a07\u00e8me<br \/>\nOlivier : 1.27.52 \u00a025\u00e8me<br \/>\nDavid J : 1.57.36 \u00a0 280\u00e8me<\/p>\n<p><strong>sur le 34km ; 423 coureurs<\/strong><br \/>\nFranck : 2.40.04 \u00a08\u00e8me<br \/>\nElvis: 2.44.35 \u00a018\u00e8me<br \/>\nMax : 3.02.50 \u00a036\u00e8me<br \/>\nBastien : 3.02.50 \u00a037\u00e8me<br \/>\nMarie C : 3.20.06 \u00a0<strong>1\u00e8re F et 1\u00e8re SE<\/strong><br \/>\nDavid : 3.29.16 \u00a0120\u00e8me<br \/>\nTiphaine : 3.29.18 \u00a0121\u00e8me et <strong>1\u00e8re M1<\/strong><br \/>\nFabien G : 3.29.25 \u00a0123\u00e8me<br \/>\nDavid J : 4.29.22 391\u00e8me<\/p>\n<p><em><strong>sur le 60km; 195 coureurs<\/strong><\/em><br \/>\nFlorent : 5.35.55 \u00a08\u00e8me<br \/>\nJonathan : 5.50.35 \u00a012\u00e8me<br \/>\nArnaud : 6.42.25 \u00a043\u00e8me<br \/>\nOlivier : 6.55.14 \u00a058\u00e8me<\/p>\n<p><strong>Et sur le Grand d\u00e9fi (14km+17km+60km)<\/strong><br \/>\nFlorent <strong>1er<\/strong><br \/>\nJonathan <strong>2\u00e8me<\/strong><br \/>\nOlivier 10\u00e8me<\/p>\n<p>Et une 2\u00e8me place pour le club en nombre de repr\u00e9sentants !<\/p>\n<p><strong>Foul\u00e9es de Marcelcave<\/strong><br \/>\n<em><strong>sur le 5km; 117 coureurs<\/strong><\/em><br \/>\nGuillaume B : 18.05 11\u00e8me et<strong> 3\u00e8me M1<\/strong><br \/>\nCl\u00e9ment T : 18.37 \u00a016\u00e8me et <strong>3\u00e8me JU<\/strong><br \/>\nChantal L : 20.57 \u00a039\u00e8me \u00a0<strong>4\u00e8meF et 1\u00e8re M3<\/strong><br \/>\nAlice C: 22.43 \u00a049\u00e8me et <strong>2\u00e8me SE<\/strong><br \/>\nAlice L : 23.13 \u00a054\u00e8me et <strong>3\u00e8me SE<\/strong><br \/>\nSt\u00e9phane D : 26.40 \u00a081\u00e8me<br \/>\nJean-Raymond : 27.20 \u00a085\u00e8me<br \/>\n<em><strong>sur le 10km; 93 coureurs<\/strong><\/em><br \/>\nAnthony : 45.41 \u00a025\u00e8me<br \/>\nPhilippe : 45.47 \u00a028\u00e8me et <strong>1er M3<\/strong><\/p>\n<p><strong>Trail de Cottenchy<\/strong><br \/>\n<strong><em>sur le 9km; 133 coureurs<\/em><\/strong><br \/>\nJustine L : 53.51 \u00a078\u00e8me<br \/>\nNicolas L : 54.00 \u00a079\u00e8me<br \/>\nGuillaume Bal: 56.54 \u00a095\u00e8me<br \/>\n<em><strong>sur le 21 km; 104 coureurs<\/strong><\/em><br \/>\nJean-Fran\u00e7ois : 2.13.11 \u00a087\u00e8me<\/p>\n<p>&nbsp;<\/p>\n<p>&nbsp;<\/p>\n","protected":false},"excerpt":{"rendered":"<p>Sortie club \u00e0 Lillebonne sur le 14km ; 486 coureurs Florent : 59.18 \u00a04\u00e8me Jonathan : 59.59 \u00a06\u00e8me Mika : 1.07.27 \u00a036\u00e8me Gwen : 1.08.33 \u00a046\u00e8me et 1\u00e8re F Olivier : 1.08.47 \u00a048\u00e8me Cyril : 1.12.26 \u00a070\u00e8me S\u00e9bastien D : 1.17.48 \u00a0125\u00e8me Gr\u00e9gory : 1.21.12 \u00a0153\u00e8me Martine : 1.25.32 \u00a0182\u00e8me et 1\u00e8re M2 Marie-C\u00e9leste :<\/p>\n","protected":false},"author":8,"featured_media":16438,"comment_status":"open","ping_status":"closed","sticky":false,"template":"","format":"standard","meta":{"spay_email":"","jetpack_publicize_message":"R\u00e9sultats du WE du 27\/28 avril","jetpack_is_tweetstorm":false},"categories":[1],"tags":[],"jetpack_featured_media_url":"https:\/\/i0.wp.com\/www.espritrun.fr\/wp\/wp-content\/uploads\/2019\/04\/56980651_394855131355924_2170636657051566080_n.jpg?fit=3936%2C2624&ssl=1","jetpack_publicize_connections":[],"jetpack_sharing_enabled":true,"jetpack_shortlink":"https:\/\/wp.me\/p78z1o-4h7","jetpack_likes_enabled":false,"_links":{"self":[{"href":"https:\/\/www.espritrun.fr\/wp\/wp-json\/wp\/v2\/posts\/16437"}],"collection":[{"href":"https:\/\/www.espritrun.fr\/wp\/wp-json\/wp\/v2\/posts"}],"about":[{"href":"https:\/\/www.espritrun.fr\/wp\/wp-json\/wp\/v2\/types\/post"}],"author":[{"embeddable":true,"href":"https:\/\/www.espritrun.fr\/wp\/wp-json\/wp\/v2\/users\/8"}],"replies":[{"embeddable":true,"href":"https:\/\/www.espritrun.fr\/wp\/wp-json\/wp\/v2\/comments?post=16437"}],"version-history":[{"count":6,"href":"https:\/\/www.espritrun.fr\/wp\/wp-json\/wp\/v2\/posts\/16437\/revisions"}],"predecessor-version":[{"id":16446,"href":"https:\/\/www.espritrun.fr\/wp\/wp-json\/wp\/v2\/posts\/16437\/revisions\/16446"}],"wp:featuredmedia":[{"embeddable":true,"href":"https:\/\/www.espritrun.fr\/wp\/wp-json\/wp\/v2\/media\/16438"}],"wp:attachment":[{"href":"https:\/\/www.espritrun.fr\/wp\/wp-json\/wp\/v2\/media?parent=16437"}],"wp:term":[{"taxonomy":"category","embeddable":true,"href":"https:\/\/www.espritrun.fr\/wp\/wp-json\/wp\/v2\/categories?post=16437"},{"taxonomy":"post_tag","embeddable":true,"href":"https:\/\/www.espritrun.fr\/wp\/wp-json\/wp\/v2\/tags?post=16437"}],"curies":[{"name":"wp","href":"https:\/\/api.w.org\/{rel}","templated":true}]}}