{"id":17967,"date":"2021-09-27T17:27:57","date_gmt":"2021-09-27T16:27:57","guid":{"rendered":"https:\/\/www.espritrun.fr\/wp\/?p=17967"},"modified":"2021-10-02T15:35:53","modified_gmt":"2021-10-02T14:35:53","slug":"resultats-du-we-du-25-26-09","status":"publish","type":"post","link":"https:\/\/www.espritrun.fr\/wp\/2021\/09\/resultats-du-we-du-25-26-09\/","title":{"rendered":"R\u00e9sultats du WE du 25-26 \/09"},"content":{"rendered":"<p>Tout d&#8217;abord<strong> honneur \u00e0 Jonathan<\/strong>, notre unique repr\u00e9sentant au championnat de France de trail long \u00e0 Rouffach (Vosges)<br \/>\n<strong>Trail du petit Ballon <em>; 54 km \/ 2200mD+ et 130 coureurs<\/em><\/strong><br \/>\nJonathan :\u00a0 5.46.33\u00a0\u00a0 45\u00e8me<\/p>\n<p><strong>Belle-Ile en mer (56)<\/strong><br \/>\n<em><strong>sur le trail de 32km<\/strong><\/em><br \/>\nMarion : 3.30.27<\/p>\n<p><strong>Trail Brandanais<\/strong> (Saint Brandan<strong><em> 22)<\/em><\/strong><br \/>\n<em><strong>sur le 6km \/ 110 coureurs<\/strong><\/em><br \/>\nClaudine M : 41.36\u00a0 67\u00e8me\u00a0\u00a0 et 1\u00e8re V2<\/p>\n<p><strong>Trail urbain des remparts de Bayonne<\/strong><br \/>\n<em><strong>10km &#8211; 712 class\u00e9s sur 968 partants<\/strong><\/em><br \/>\nPascal : 52.27\u00a0\u00a0 224\u00e8me<\/p>\n<p><strong>Trail des rois maudits (Les Andelys)<\/strong><br \/>\n<em><strong>sur le 59km ; 254 coureurs<\/strong><\/em><br \/>\nSylvia : 9.49.57\u00a0 202\u00e8me<br \/>\n<em><strong>sur le 41km ; 256 coureurs<\/strong><\/em><br \/>\nOlivier P : 5.06.33\u00a0\u00a0 62\u00e8me<br \/>\n<em><strong>sur le 27km; 346 coureurs<\/strong><\/em><br \/>\nJean-Charles : 3.19.57\u00a0\u00a0 85\u00e8me<br \/>\nJulie : 3.24.46\u00a0 103\u00e8me<br \/>\nH\u00e9l\u00e8ne C : 3.24.51\u00a0 104\u00e8me<br \/>\nAnthony : 3.25.52\u00a0 111\u00e8me<br \/>\nJean-R\u00e9mi : 3.48.22 \u00a0 210\u00e8me<br \/>\nMartine : 3.48.47\u00a0\u00a0 215\u00e8me<br \/>\nRobert : 4.20.57\u00a0\u00a0 304\u00e8me<\/p>\n<p><strong>Les Virades \u00e0 Camon<\/strong><br \/>\n<em><strong>sur le 5km ; 161 coureurs<\/strong><\/em><br \/>\nAntoine L : 17.41\u00a0\u00a0 12\u00e8me et 3\u00e8meSE<br \/>\nBastien : 17.58\u00a0 16\u00e8me et 2\u00e8meM2<br \/>\nFlorent : 18.01\u00a0 17\u00e8me<br \/>\nAlexandre F : 19.33\u00a0\u00a0 36\u00e8me<br \/>\nAnne-Lise : 22.48\u00a0 69\u00e8me et 2\u00e8meM3<br \/>\nMarie-C\u00e9leste : 23.25\u00a0\u00a0 76\u00e8me et 1\u00e8reSE<br \/>\nC\u00e9dric : 23.26\u00a0\u00a0 77\u00e8me<br \/>\nJean-Fran\u00e7ois : 23.49\u00a0\u00a0 79\u00e8me<br \/>\nH\u00e9l\u00e8ne P : 24.05\u00a0\u00a0 83\u00e8me et 3\u00e8meM2<br \/>\nClaudine D : 26.41\u00a0 106\u00e8me et 2\u00e8meM5<br \/>\nLa\u00ebtitia : 27.42\u00a0 112\u00e8me et 3\u00e8meM1<br \/>\n<em><strong>sur le 10km ; 130 coureurs<\/strong><\/em><br \/>\nJohann : 41.15\u00a0 8\u00e8me et 2\u00e8meM2<br \/>\nGwen : 41.31 10\u00e8me\u00a0\u00a0 1\u00e8reF et 1\u00e8reM1<br \/>\nMatthieu : 45.14\u00a0 34\u00e8me<br \/>\nFranck B : 45.50\u00a0 38\u00e8me<br \/>\nNInon : 51.11\u00a0 1\u00e8reCA<\/p>\n<p>&nbsp;<\/p>\n<p>&nbsp;<\/p>\n<p>&nbsp;<\/p>\n","protected":false},"excerpt":{"rendered":"<p>Tout d&#8217;abord honneur \u00e0 Jonathan, notre unique repr\u00e9sentant au championnat de France de trail long \u00e0 Rouffach (Vosges) Trail du petit Ballon ; 54 km \/ 2200mD+ et 130 coureurs Jonathan :\u00a0 5.46.33\u00a0\u00a0 45\u00e8me Belle-Ile en mer (56) sur le trail de 32km Marion : 3.30.27 Trail Brandanais (Saint Brandan 22) sur le 6km \/<\/p>\n","protected":false},"author":8,"featured_media":17969,"comment_status":"open","ping_status":"closed","sticky":false,"template":"","format":"standard","meta":{"spay_email":"","jetpack_publicize_message":"R\u00e9sultats du WE du 25-26 \/09","jetpack_is_tweetstorm":false},"categories":[1],"tags":[],"jetpack_featured_media_url":"https:\/\/i1.wp.com\/www.espritrun.fr\/wp\/wp-content\/uploads\/2021\/09\/243109740_1955689597940827_1842836658919949335_n.jpg?fit=539%2C403&ssl=1","jetpack_publicize_connections":[],"jetpack_sharing_enabled":true,"jetpack_shortlink":"https:\/\/wp.me\/p78z1o-4FN","jetpack_likes_enabled":false,"_links":{"self":[{"href":"https:\/\/www.espritrun.fr\/wp\/wp-json\/wp\/v2\/posts\/17967"}],"collection":[{"href":"https:\/\/www.espritrun.fr\/wp\/wp-json\/wp\/v2\/posts"}],"about":[{"href":"https:\/\/www.espritrun.fr\/wp\/wp-json\/wp\/v2\/types\/post"}],"author":[{"embeddable":true,"href":"https:\/\/www.espritrun.fr\/wp\/wp-json\/wp\/v2\/users\/8"}],"replies":[{"embeddable":true,"href":"https:\/\/www.espritrun.fr\/wp\/wp-json\/wp\/v2\/comments?post=17967"}],"version-history":[{"count":3,"href":"https:\/\/www.espritrun.fr\/wp\/wp-json\/wp\/v2\/posts\/17967\/revisions"}],"predecessor-version":[{"id":18028,"href":"https:\/\/www.espritrun.fr\/wp\/wp-json\/wp\/v2\/posts\/17967\/revisions\/18028"}],"wp:featuredmedia":[{"embeddable":true,"href":"https:\/\/www.espritrun.fr\/wp\/wp-json\/wp\/v2\/media\/17969"}],"wp:attachment":[{"href":"https:\/\/www.espritrun.fr\/wp\/wp-json\/wp\/v2\/media?parent=17967"}],"wp:term":[{"taxonomy":"category","embeddable":true,"href":"https:\/\/www.espritrun.fr\/wp\/wp-json\/wp\/v2\/categories?post=17967"},{"taxonomy":"post_tag","embeddable":true,"href":"https:\/\/www.espritrun.fr\/wp\/wp-json\/wp\/v2\/tags?post=17967"}],"curies":[{"name":"wp","href":"https:\/\/api.w.org\/{rel}","templated":true}]}}