{"id":20075,"date":"2024-02-11T21:02:40","date_gmt":"2024-02-11T20:02:40","guid":{"rendered":"https:\/\/www.espritrun.fr\/wp\/?p=20075"},"modified":"2024-02-15T09:23:28","modified_gmt":"2024-02-15T08:23:28","slug":"resultats-du-we-du-10-11-fevrier-2024","status":"publish","type":"post","link":"https:\/\/www.espritrun.fr\/wp\/2024\/02\/resultats-du-we-du-10-11-fevrier-2024\/","title":{"rendered":"R\u00e9sultats du WE du 10\/11 F\u00e9vrier 2024"},"content":{"rendered":"<p><strong>Urban Trail de Dieppe ; 19km ; 348 coureurs<\/strong><br \/>\nWilfried : 1.51.56\u00a0\u00a0 107\u00e8me<\/p>\n<p><strong>Les foul\u00e9es m\u00e9aultoises<\/strong><br \/>\n<em><strong>sur le 5km ; 111 coureurs<\/strong><\/em><br \/>\nJean-Jacques : 15.42\u00a0\u00a0<strong> 1erH et M1<\/strong><br \/>\nMaxime : 16.00\u00a0 <strong>3\u00e8me et 1erM0<\/strong><br \/>\nFlorent : 17.24\u00a0\u00a0 7\u00e8me et <strong>2\u00e8meM1<\/strong><br \/>\nLaurent R : 17.38\u00a0 10\u00e8me et <strong>2\u00e8me M1<\/strong><br \/>\nBastien K : 17.39\u00a0 11\u00e8me et <strong>2\u00e8meM2<\/strong><br \/>\nThomas O : 17.41\u00a0\u00a0 12\u00e8me et <strong>2\u00e8meM0<\/strong><br \/>\nCyril M : 17.47\u00a0 13\u00e8me et <strong>3\u00e8meSE<\/strong><br \/>\nCyril C : 18.25\u00a0 16\u00e8me et <strong>3\u00e8meM2<\/strong><br \/>\nBastien G : 18.45\u00a0 19\u00e8me<br \/>\nGuillaume Bri : 18.48\u00a0\u00a0 20\u00e8me<br \/>\nThomas F : 19.24\u00a0 25\u00e8me<br \/>\nMathilde : 19.36\u00a0<strong> 1\u00e8reF et SE<\/strong><br \/>\nRomain : 19.52\u00a0 29\u00e8me<br \/>\nSimon : 19.58\u00a0 30\u00e8me<br \/>\nOlivier P : 20.45\u00a0\u00a0 35\u00e8me<br \/>\nCamille : 22.37\u00a0 50\u00e8me et <strong>2\u00e8meCA<\/strong><br \/>\nH\u00e9l\u00e8ne P : 23.00\u00a0 53\u00e8me et <strong>2\u00e8me M2<\/strong><br \/>\nMartine : 24.42\u00a0 66\u00e8me et <strong>1\u00e8reM4<\/strong><br \/>\nJean-R\u00e9mi : 25.51\u00a0 74\u00e8me et <strong>2\u00e8me M7<\/strong><br \/>\nLucile :\u00a0 28.14\u00a0\u00a0 87\u00e8me<\/p>\n<p><em><strong>sur le 10km ; 235 coureurs<\/strong><\/em><br \/>\nFlorent : 34.57\u00a0 8\u00e8me et <strong>1erM1<\/strong><br \/>\nBeno\u00eet W : 36.17\u00a0 14\u00e8me<br \/>\nAnthony D : 38.57\u00a0 31\u00e8me<br \/>\nAlice C : 40.16\u00a0 40\u00e8me <strong>1\u00e8reF et SE<\/strong><br \/>\nAnthony C : 41.48\u00a0 54\u00e8me<br \/>\nJ\u00e9r\u00f4me Ben : 41.53\u00a0\u00a0 55\u00e8me<br \/>\nOlivier P : 41.59\u00a0\u00a0 57\u00e8me<br \/>\nPaul : 42.46\u00a0\u00a0 66\u00e8me<br \/>\nArnaud : 43.38\u00a0\u00a0 77\u00e8me<br \/>\nAnthony M : 44.03\u00a0\u00a0 81\u00e8me<br \/>\nSt\u00e9phane L : 44.16 \u00a0\u00a0 82\u00e8me<br \/>\nLaurent L : 44.20\u00a0\u00a0\u00a0 83\u00e8me\u00a0 et <strong>3\u00e8meM4<\/strong><br \/>\nJean-Charles : 44.24\u00a0\u00a0\u00a0 86\u00e8me<br \/>\nSt\u00e9phane G : 44.40\u00a0\u00a0 89\u00e8me<br \/>\nLaurent P : 45.14\u00a0\u00a0 95\u00e8me<br \/>\nJohann : 46.03\u00a0\u00a0 102\u00e8me<br \/>\nAnne-Lise : 46.23\u00a0\u00a0 106\u00e8me et <strong>1\u00e8reM3<\/strong><br \/>\nAnthony B : 46.58\u00a0\u00a0 112\u00e8me<br \/>\nGuillaume Bal : 48.54\u00a0 126\u00e8me<br \/>\nYohann : 49.29\u00a0\u00a0 136\u00e8me<br \/>\nDavid : 50.11\u00a0\u00a0 140\u00e8me<br \/>\nH\u00e9l\u00e8ne P : 51.17\u00a0\u00a0 151\u00e8me et <strong>3\u00e8meM2<\/strong><br \/>\nAline : 51.18\u00a0\u00a0 152\u00e8me<br \/>\nVanessa : 52.26\u00a0 157\u00e8me<br \/>\nCharline : 52.30\u00a0\u00a0 160\u00e8me et <strong>2\u00e8meES<\/strong><br \/>\nAudrey : 53.18\u00a0\u00a0 170\u00e8me<br \/>\nC\u00e9cilia : 54.02\u00a0\u00a0 179\u00e8me<br \/>\nJean-R\u00e9mi : 54.27\u00a0\u00a0 182\u00e8me et <strong>1erM7<\/strong><br \/>\nClaudine D : 56.14\u00a0\u00a0 196\u00e8me et <strong>2\u00e8meM5<\/strong><br \/>\nEolia : 1.01.36\u00a0 222\u00e8me<\/p>\n<p>&nbsp;<\/p>\n","protected":false},"excerpt":{"rendered":"<p>Urban Trail de Dieppe ; 19km ; 348 coureurs Wilfried : 1.51.56\u00a0\u00a0 107\u00e8me Les foul\u00e9es m\u00e9aultoises sur le 5km ; 111 coureurs Jean-Jacques : 15.42\u00a0\u00a0 1erH et M1 Maxime : 16.00\u00a0 3\u00e8me et 1erM0 Florent : 17.24\u00a0\u00a0 7\u00e8me et 2\u00e8meM1 Laurent R : 17.38\u00a0 10\u00e8me et 2\u00e8me M1 Bastien K : 17.39\u00a0 11\u00e8me et 2\u00e8meM2<\/p>\n","protected":false},"author":8,"featured_media":20077,"comment_status":"open","ping_status":"closed","sticky":false,"template":"","format":"standard","meta":{"spay_email":"","jetpack_publicize_message":"R\u00e9sultats du WE du 10\/11 F\u00e9vrier 2024","jetpack_is_tweetstorm":false},"categories":[2,1],"tags":[],"jetpack_featured_media_url":"https:\/\/i1.wp.com\/www.espritrun.fr\/wp\/wp-content\/uploads\/2024\/02\/427124942_739412731484962_3578297874867041128_n.jpg?fit=537%2C403&ssl=1","jetpack_publicize_connections":[],"jetpack_sharing_enabled":true,"jetpack_shortlink":"https:\/\/wp.me\/p78z1o-5dN","jetpack_likes_enabled":false,"_links":{"self":[{"href":"https:\/\/www.espritrun.fr\/wp\/wp-json\/wp\/v2\/posts\/20075"}],"collection":[{"href":"https:\/\/www.espritrun.fr\/wp\/wp-json\/wp\/v2\/posts"}],"about":[{"href":"https:\/\/www.espritrun.fr\/wp\/wp-json\/wp\/v2\/types\/post"}],"author":[{"embeddable":true,"href":"https:\/\/www.espritrun.fr\/wp\/wp-json\/wp\/v2\/users\/8"}],"replies":[{"embeddable":true,"href":"https:\/\/www.espritrun.fr\/wp\/wp-json\/wp\/v2\/comments?post=20075"}],"version-history":[{"count":4,"href":"https:\/\/www.espritrun.fr\/wp\/wp-json\/wp\/v2\/posts\/20075\/revisions"}],"predecessor-version":[{"id":20085,"href":"https:\/\/www.espritrun.fr\/wp\/wp-json\/wp\/v2\/posts\/20075\/revisions\/20085"}],"wp:featuredmedia":[{"embeddable":true,"href":"https:\/\/www.espritrun.fr\/wp\/wp-json\/wp\/v2\/media\/20077"}],"wp:attachment":[{"href":"https:\/\/www.espritrun.fr\/wp\/wp-json\/wp\/v2\/media?parent=20075"}],"wp:term":[{"taxonomy":"category","embeddable":true,"href":"https:\/\/www.espritrun.fr\/wp\/wp-json\/wp\/v2\/categories?post=20075"},{"taxonomy":"post_tag","embeddable":true,"href":"https:\/\/www.espritrun.fr\/wp\/wp-json\/wp\/v2\/tags?post=20075"}],"curies":[{"name":"wp","href":"https:\/\/api.w.org\/{rel}","templated":true}]}}