{"id":20817,"date":"2025-06-04T09:36:35","date_gmt":"2025-06-04T08:36:35","guid":{"rendered":"https:\/\/www.espritrun.fr\/wp\/?p=20817"},"modified":"2025-06-04T09:36:35","modified_gmt":"2025-06-04T08:36:35","slug":"le-zebre-president-a-velo-le-1er-juin-2025","status":"publish","type":"post","link":"https:\/\/www.espritrun.fr\/wp\/2025\/06\/le-zebre-president-a-velo-le-1er-juin-2025\/","title":{"rendered":"Le z\u00e8bre-pr\u00e9sident \u00e0 v\u00e9lo le 1er juin 2025"},"content":{"rendered":"<p>Notre pr\u00e9sident Guillaume Bri a p\u00e9dal\u00e9 sur 160km de Lille \u00e0 Hardelot (randonn\u00e9e cycliste Lille-Hardelot)&#8230;Un grand Bravo<\/p>\n","protected":false},"excerpt":{"rendered":"<p>Notre pr\u00e9sident Guillaume Bri a p\u00e9dal\u00e9 sur 160km de Lille \u00e0 Hardelot (randonn\u00e9e cycliste Lille-Hardelot)&#8230;Un grand Bravo<\/p>\n","protected":false},"author":8,"featured_media":20818,"comment_status":"open","ping_status":"closed","sticky":false,"template":"","format":"standard","meta":{"spay_email":"","jetpack_publicize_message":"Le z\u00e8bre-pr\u00e9sident \u00e0 v\u00e9lo le 1er juin 2025","jetpack_is_tweetstorm":false},"categories":[1],"tags":[],"jetpack_featured_media_url":"https:\/\/i0.wp.com\/www.espritrun.fr\/wp\/wp-content\/uploads\/2025\/06\/503754514_9924923840889024_81228061828398770_n.jpg?fit=1245%2C1120&ssl=1","jetpack_publicize_connections":[],"jetpack_sharing_enabled":true,"jetpack_shortlink":"https:\/\/wp.me\/p78z1o-5pL","jetpack_likes_enabled":false,"_links":{"self":[{"href":"https:\/\/www.espritrun.fr\/wp\/wp-json\/wp\/v2\/posts\/20817"}],"collection":[{"href":"https:\/\/www.espritrun.fr\/wp\/wp-json\/wp\/v2\/posts"}],"about":[{"href":"https:\/\/www.espritrun.fr\/wp\/wp-json\/wp\/v2\/types\/post"}],"author":[{"embeddable":true,"href":"https:\/\/www.espritrun.fr\/wp\/wp-json\/wp\/v2\/users\/8"}],"replies":[{"embeddable":true,"href":"https:\/\/www.espritrun.fr\/wp\/wp-json\/wp\/v2\/comments?post=20817"}],"version-history":[{"count":1,"href":"https:\/\/www.espritrun.fr\/wp\/wp-json\/wp\/v2\/posts\/20817\/revisions"}],"predecessor-version":[{"id":20819,"href":"https:\/\/www.espritrun.fr\/wp\/wp-json\/wp\/v2\/posts\/20817\/revisions\/20819"}],"wp:featuredmedia":[{"embeddable":true,"href":"https:\/\/www.espritrun.fr\/wp\/wp-json\/wp\/v2\/media\/20818"}],"wp:attachment":[{"href":"https:\/\/www.espritrun.fr\/wp\/wp-json\/wp\/v2\/media?parent=20817"}],"wp:term":[{"taxonomy":"category","embeddable":true,"href":"https:\/\/www.espritrun.fr\/wp\/wp-json\/wp\/v2\/categories?post=20817"},{"taxonomy":"post_tag","embeddable":true,"href":"https:\/\/www.espritrun.fr\/wp\/wp-json\/wp\/v2\/tags?post=20817"}],"curies":[{"name":"wp","href":"https:\/\/api.w.org\/{rel}","templated":true}]}}